	{"id":178,"date":"2017-01-28T09:14:25","date_gmt":"2017-01-28T09:14:25","guid":{"rendered":"https:\/\/minderlaw.com\/es\/?p=178"},"modified":"2018-08-21T11:48:30","modified_gmt":"2018-08-21T11:48:30","slug":"brexit-marcas","status":"publish","type":"post","link":"https:\/\/minderlaw.com\/es\/brexit-marcas\/","title":{"rendered":"Consideraciones sobre Marcas Brexit"},"content":{"rendered":"<p>A ra\u00edz de Brexit, algunas empresas pueden considerar registrar una marca nacional espec\u00edfica para el Reino Unido (RU), aunque ya posean una marca de la Uni\u00f3n Europea (UE) (EUTM, anteriormente CTM). Del mismo modo, las empresas con una marca comercial de la UE tambi\u00e9n pueden complementar su cartera de marcas comerciales con una marca registrada del Reino Unido. Aunque las ramificaciones completas del Brexit podr\u00edan no ser conocidas durante varios a\u00f1os, las empresas que operan en Gran Breta\u00f1a e Irlanda del Norte pueden tomar medidas preventivas para proteger sus derechos de propiedad intelectual en caso de que el Reino Unido se retire formalmente de la UE.<br \/>\n<br \/>\nSi desea solicitar una marca comercial del Reino Unido y\/o de la UE, no dude en <a href=\"https:\/\/minderlaw.com\/es\/#contact\">contactarnos<\/a>.<br \/>\n<br \/>\n<img decoding=\"async\" src=\"https:\/\/minderlaw.com\/es\/wp-content\/uploads\/UKTrademark.jpg\" alt=\"UK Trademark\" \/><\/p>\n","protected":false},"excerpt":{"rendered":"<p>A ra\u00edz de Brexit, algunas empresas pueden considerar registrar una marca nacional espec\u00edfica para el Reino Unido (RU), aunque ya posean una marca de la Uni\u00f3n Europea (UE) (EUTM, anteriormente CTM). Del mismo modo, las empresas con una marca comercial de la UE tambi\u00e9n pueden complementar su cartera de marcas comerciales con una marca registrada <a href=\"https:\/\/minderlaw.com\/es\/brexit-marcas\/\" rel=\"nofollow\"><span class=\"sr-only\">Read more about Consideraciones sobre Marcas Brexit<\/span>[&hellip;]<\/a><\/p>\n","protected":false},"author":1,"featured_media":185,"comment_status":"closed","ping_status":"open","sticky":false,"template":"","format":"standard","meta":{"footnotes":""},"categories":[11],"tags":[17,28,21,23,20,27,25,26,24,7,22],"class_list":["post-178","post","type-post","status-publish","format-standard","has-post-thumbnail","hentry","category-trademarks","tag-brexit","tag-british-trademarks","tag-ctm","tag-eu-trademarks","tag-eutm","tag-gb-trademarks","tag-international-trademarks","tag-madrid-protocol","tag-madrid-trademarks","tag-trademarks","tag-uk-trademarks"],"_links":{"self":[{"href":"https:\/\/minderlaw.com\/es\/wp-json\/wp\/v2\/posts\/178","targetHints":{"allow":["GET"]}}],"collection":[{"href":"https:\/\/minderlaw.com\/es\/wp-json\/wp\/v2\/posts"}],"about":[{"href":"https:\/\/minderlaw.com\/es\/wp-json\/wp\/v2\/types\/post"}],"author":[{"embeddable":true,"href":"https:\/\/minderlaw.com\/es\/wp-json\/wp\/v2\/users\/1"}],"replies":[{"embeddable":true,"href":"https:\/\/minderlaw.com\/es\/wp-json\/wp\/v2\/comments?post=178"}],"version-history":[{"count":13,"href":"https:\/\/minderlaw.com\/es\/wp-json\/wp\/v2\/posts\/178\/revisions"}],"predecessor-version":[{"id":424,"href":"https:\/\/minderlaw.com\/es\/wp-json\/wp\/v2\/posts\/178\/revisions\/424"}],"wp:featuredmedia":[{"embeddable":true,"href":"https:\/\/minderlaw.com\/es\/wp-json\/wp\/v2\/media\/185"}],"wp:attachment":[{"href":"https:\/\/minderlaw.com\/es\/wp-json\/wp\/v2\/media?parent=178"}],"wp:term":[{"taxonomy":"category","embeddable":true,"href":"https:\/\/minderlaw.com\/es\/wp-json\/wp\/v2\/categories?post=178"},{"taxonomy":"post_tag","embeddable":true,"href":"https:\/\/minderlaw.com\/es\/wp-json\/wp\/v2\/tags?post=178"}],"curies":[{"name":"wp","href":"https:\/\/api.w.org\/{rel}","templated":true}]}}